{"id":34,"date":"2024-01-07T15:12:03","date_gmt":"2024-01-07T14:12:03","guid":{"rendered":"https:\/\/cneser-intergroupe.fr\/?p=34"},"modified":"2024-01-08T15:48:31","modified_gmt":"2024-01-08T14:48:31","slug":"membres-de-la-commission-permanente","status":"publish","type":"post","link":"https:\/\/cneser-intergroupe.fr\/index.php\/2024\/01\/07\/membres-de-la-commission-permanente\/","title":{"rendered":"Membres de la Commission permanente"},"content":{"rendered":"\n<p>La liste qui suit est issue des \u00e9lections par le CNESER lors de sa session pl\u00e9ni\u00e8re du 12 septembre 2023.<\/p>\n\n\n\n<p><strong>Repr\u00e9sentants du monde acad\u00e9mique<\/strong><\/p>\n\n\n\n<p>Repr\u00e9sentants de la Conf\u00e9rence des pr\u00e9sidents d&rsquo;universit\u00e9<\/p>\n\n\n\n<ul class=\"wp-block-list\">\n<li>Lamri ADOUI<\/li>\n\n\n\n<li>Guillaume GELLE|<\/li>\n<\/ul>\n\n\n\n<p>Repr\u00e9sentant de la Conf\u00e9rence des directeurs des \u00e9coles fran\u00e7aises d&rsquo;ing\u00e9nieurs<\/p>\n\n\n\n<ul class=\"wp-block-list\">\n<li>Christian LERMINIAUX<\/li>\n<\/ul>\n\n\n\n<p>Repr\u00e9sentant des \u00e9tablissements publics de recherche<\/p>\n\n\n\n<ul class=\"wp-block-list\">\n<li>Fr\u00e9d\u00e9ric THIBAULT-STARZYK<\/li>\n<\/ul>\n\n\n\n<p>Repr\u00e9sentants des professeurs et personnels de niveau \u00e9quivalent des \u00e9tablissements publics \u00e0 caract\u00e8re scientifique, culturel et professionnel<\/p>\n\n\n\n<ul class=\"wp-block-list\">\n<li>Lilian AVENEAU (SNESUP-FSU)<\/li>\n\n\n\n<li>Oliver BAST (CFDT)<\/li>\n\n\n\n<li>Marceau COUPECHOUX (CGT FERC-Sup)<\/li>\n\n\n\n<li>Jo\u00eblle DUCOS (QSF)<\/li>\n\n\n\n<li>Fr\u00e9d\u00e9rique ROUX (SNESUP-FSU)<\/li>\n<\/ul>\n\n\n\n<p>Repr\u00e9sentants des autres enseignants-chercheurs, enseignants et chercheurs des \u00e9tablissements publics \u00e0 caract\u00e8re scientifique, culturel et professionnel<\/p>\n\n\n\n<ul class=\"wp-block-list\">\n<li>Mich\u00e8le ARTAUD (SNESUP-FSU)<\/li>\n\n\n\n<li>Nicolas DOMERGUE (Collectif 384)<\/li>\n\n\n\n<li>Ana\u00efs FLORES (SUD)<\/li>\n\n\n\n<li>Carine ROYER (CFDT)<\/li>\n\n\n\n<li>Virginie SAINT-JAMES (UNSA)<\/li>\n<\/ul>\n\n\n\n<p>Repr\u00e9sentants des personnels scientifiques des biblioth\u00e8ques, ing\u00e9nieurs, administratifs, techniques et sociaux et de sant\u00e9 des \u00e9tablissements publics \u00e0 caract\u00e8re scientifique, culturel et professionnel<\/p>\n\n\n\n<ul class=\"wp-block-list\">\n<li>Thomas DEGHAYE (CGT FERC-Sup)<\/li>\n\n\n\n<li>Alain FAVENNEC (SNPTES-UNSA)<\/li>\n<\/ul>\n\n\n\n<p>Repr\u00e9sentants des chercheurs des \u00e9tablissements publics \u00e0 caract\u00e8re scientifique et technologique<\/p>\n\n\n\n<ul class=\"wp-block-list\">\n<li>Nicolas HOLZSCHUCH (CFDT)<\/li>\n\n\n\n<li>Dimitri PEAUCELLE (SNCS-FSU)<\/li>\n<\/ul>\n\n\n\n<p>Repr\u00e9sentants des personnels ing\u00e9nieurs, techniciens et des autres personnels des \u00e9tablissements publics \u00e0 caract\u00e8re scientifique et technologique<\/p>\n\n\n\n<ul class=\"wp-block-list\">\n<li>Am\u00e9lie HUGOT (CGT)<\/li>\n\n\n\n<li>Didier LASSAQUE (CFDT)<\/li>\n<\/ul>\n\n\n\n<p> Repr\u00e9sentants des personnels des \u00e9tablissements publics \u00e0 caract\u00e8re industriel et commercial<\/p>\n\n\n\n<ul class=\"wp-block-list\">\n<li>Marie-Christine DICTOR (CFDT)<\/li>\n\n\n\n<li>Andre LUTTON (CGT)<\/li>\n<\/ul>\n\n\n\n<p>Repr\u00e9sentants des \u00e9tudiants<\/p>\n\n\n\n<ul class=\"wp-block-list\">\n<li>Emilie MARC (Union \u00e9tudiante)<\/li>\n\n\n\n<li>Helena GAUTIER-CASTRO (FAGE)<\/li>\n\n\n\n<li>Louis RYZ (FAGE)<\/li>\n\n\n\n<li>L\u00e9a MASSON (FAGE)<\/li>\n\n\n\n<li>Mouhammad BENUSSI THIOUNE (UNEF)<\/li>\n<\/ul>\n\n\n\n<p><strong>Repr\u00e9sentants des Grands int\u00e9r\u00eats nationaux<\/strong><\/p>\n\n\n\n<p>Repr\u00e9sentants des organisations syndicales<\/p>\n\n\n\n<ul class=\"wp-block-list\">\n<li>Caroline BRISEDOUX (CFDT)<\/li>\n\n\n\n<li>Laure BRISOUX-DEVENVILLE (FO)<\/li>\n\n\n\n<li>Tancr\u00e8de MOTTA (CGT)<\/li>\n\n\n\n<li>Arnaud RISTORI (CGT) 2025-2027<\/li>\n\n\n\n<li>Chantal THORIN (CFDT) 2023-2025<\/li>\n<\/ul>\n\n\n\n<p>Repr\u00e9sentants des organisations d&#8217;employeurs<\/p>\n\n\n\n<ul class=\"wp-block-list\">\n<li>Bernard GIBOUIN (CPME)<\/li>\n\n\n\n<li>3 si\u00e8ges non pourvus par le MEDEF<\/li>\n<\/ul>\n\n\n\n<p>Repr\u00e9sentant des parents d&rsquo;\u00e9l\u00e8ves<\/p>\n\n\n\n<ul class=\"wp-block-list\">\n<li>Ghislaine MORVAN-DUBOIS (FCPE)<\/li>\n<\/ul>\n\n\n\n<p>Autres repr\u00e9sentants<\/p>\n\n\n\n<ul class=\"wp-block-list\">\n<li>Olivier BEAUFRERE (SNPDEN)<\/li>\n\n\n\n<li>Hugues BRUNET (CGE)<\/li>\n\n\n\n<li>St\u00e9phanie DANAUX (ANDES).<\/li>\n\n\n\n<li>1 si\u00e8ge non pourvu par le R\u00e9seau national des coll\u00e8ges doctoraux<\/li>\n\n\n\n<li>1 si\u00e8ge non pourvu par l&rsquo;Assembl\u00e9e nationale<\/li>\n<\/ul>\n","protected":false},"excerpt":{"rendered":"<p>La liste qui suit est issue des \u00e9lections par le CNESER lors de sa session pl\u00e9ni\u00e8re du 12 septembre 2023. Repr\u00e9sentants du monde acad\u00e9mique Repr\u00e9sentants de la Conf\u00e9rence des pr\u00e9sidents d&rsquo;universit\u00e9 Repr\u00e9sentant de la Conf\u00e9rence des directeurs des \u00e9coles fran\u00e7aises d&rsquo;ing\u00e9nieurs Repr\u00e9sentant des \u00e9tablissements publics de recherche Repr\u00e9sentants des professeurs et personnels de niveau \u00e9quivalent &#8230; <a title=\"Membres de la Commission permanente\" class=\"read-more\" href=\"https:\/\/cneser-intergroupe.fr\/index.php\/2024\/01\/07\/membres-de-la-commission-permanente\/\" aria-label=\"En savoir plus sur Membres de la Commission permanente\">Lire la suite<\/a><\/p>\n","protected":false},"author":2,"featured_media":0,"comment_status":"closed","ping_status":"closed","sticky":false,"template":"","format":"standard","meta":{"footnotes":""},"categories":[3],"tags":[],"class_list":["post-34","post","type-post","status-publish","format-standard","hentry","category-info-cneser"],"_links":{"self":[{"href":"https:\/\/cneser-intergroupe.fr\/index.php\/wp-json\/wp\/v2\/posts\/34","targetHints":{"allow":["GET"]}}],"collection":[{"href":"https:\/\/cneser-intergroupe.fr\/index.php\/wp-json\/wp\/v2\/posts"}],"about":[{"href":"https:\/\/cneser-intergroupe.fr\/index.php\/wp-json\/wp\/v2\/types\/post"}],"author":[{"embeddable":true,"href":"https:\/\/cneser-intergroupe.fr\/index.php\/wp-json\/wp\/v2\/users\/2"}],"replies":[{"embeddable":true,"href":"https:\/\/cneser-intergroupe.fr\/index.php\/wp-json\/wp\/v2\/comments?post=34"}],"version-history":[{"count":6,"href":"https:\/\/cneser-intergroupe.fr\/index.php\/wp-json\/wp\/v2\/posts\/34\/revisions"}],"predecessor-version":[{"id":44,"href":"https:\/\/cneser-intergroupe.fr\/index.php\/wp-json\/wp\/v2\/posts\/34\/revisions\/44"}],"wp:attachment":[{"href":"https:\/\/cneser-intergroupe.fr\/index.php\/wp-json\/wp\/v2\/media?parent=34"}],"wp:term":[{"taxonomy":"category","embeddable":true,"href":"https:\/\/cneser-intergroupe.fr\/index.php\/wp-json\/wp\/v2\/categories?post=34"},{"taxonomy":"post_tag","embeddable":true,"href":"https:\/\/cneser-intergroupe.fr\/index.php\/wp-json\/wp\/v2\/tags?post=34"}],"curies":[{"name":"wp","href":"https:\/\/api.w.org\/{rel}","templated":true}]}}